{"id":1936,"date":"2023-10-16T22:05:33","date_gmt":"2023-10-16T20:05:33","guid":{"rendered":"https:\/\/nami-tech.com\/?p=1936"},"modified":"2026-03-31T16:19:38","modified_gmt":"2026-03-31T14:19:38","slug":"podivejte-se-na-zaznam-konference-sem2023-za-hranice-standardni-teorie-elektromagnetismu","status":"publish","type":"post","link":"https:\/\/namitech.com\/cs\/podivejte-se-na-zaznam-konference-sem2023-za-hranice-standardni-teorie-elektromagnetismu\/","title":{"rendered":"Z\u00e1znam 2023 Konference: Za hranice standardn\u00ed teorie elektromagnetismu"},"content":{"rendered":"<p>I d\u00edky v\u00e1m a va\u0161\u00ed podpo\u0159e byla konference SEM2023 \u00fasp\u011b\u0161n\u00e1. B\u011bhem cel\u00e9ho dne \u017eiv\u00e9ho vys\u00edl\u00e1n\u00ed prob\u011bhlo 5 prezentac\u00ed od na\u0161ich p\u0159\u00e1tel, akademik\u016f, v\u011bdc\u016f i v\u00fdzkumn\u00edk\u016f z cel\u00e9ho sv\u011bta.<\/p>\n<p>Andr\u00e9 Koch Torres Assis k n\u00e1m p\u0159icestoval z Braz\u00edlie p\u0159es n\u011bmeck\u00fd Augsburg a se zaujet\u00edm p\u0159ednesl svou p\u0159edn\u00e1\u0161ku o Weberov\u011b planet\u00e1rn\u00edm modelu atomu. Z\u016fstal s n\u00e1mi i na dal\u0161\u00ed \u017eivou diskuzi ohledn\u011b konceptu, kter\u00fd p\u0159edstavil. Koen van Vlaenderen p\u0159ilet\u011bl do Prahy z Amsterodamu, aby se pod\u011blil o teoretickou i praktickou \u010d\u00e1st sv\u00e9ho v\u00fdzkumu v oblasti elektromagnetismu a skal\u00e1rn\u00edch vln. William Alek se p\u0159ipojil \u017eiv\u011b ze Saratosy na Florid\u011b a provedl n\u00e1s histori\u00ed Phase Conjugate Mirrors (PCM) a tak\u00e9 n\u011bkter\u00fdmi v\u00fdzkumy a experimenty Toma Beardena.<\/p>\n<p>Kolega z Namitechu Jan Rak zah\u00e1jil a uzav\u0159el den sv\u00fdmi prezentacemi, kde poodhalil teoretick\u00e9 koncepty nad r\u00e1mec standardn\u00edho modelu elektromagnetismu a nechal nahl\u00e9dnout i do na\u0161\u00ed laborato\u0159e a n\u011bkter\u00fdch experiment\u016f, kdy pomoc\u00ed Teslova transform\u00e1toru zkoum\u00e1me nov\u00e9 fenom\u00e9ny v oblasti elektromagnetick\u00fdch pol\u00ed.<\/p>\n<p>N\u00e1\u0161 p\u0159enos a videa m\u011blo dosud mo\u017enost vid\u011bt p\u0159es 600 lid\u00ed a chceme je i nad\u00e1le sd\u00edlet. Proto k nim znovu poskytujeme p\u0159\u00edstup a zdarma je m\u016f\u017eete shl\u00e9dnout <a href=\"https:\/\/youtube.com\/playlist?list=PL4PyHPfpmOMirw1kV9o1GpLURfAuvSix8&amp;si=xp3IUejaVUsIz_NQ\">zde<\/a>.<\/p>\n","protected":false},"excerpt":{"rendered":"<p>I d\u00edky v\u00e1m a va\u0161\u00ed podpo\u0159e byla konference SEM2023 \u00fasp\u011b\u0161n\u00e1. B\u011bhem cel\u00e9ho dne \u017eiv\u00e9ho vys\u00edl\u00e1n\u00ed prob\u011bhlo 5 prezentac\u00ed od na\u0161ich p\u0159\u00e1tel, akademik\u016f, v\u011bdc\u016f i v\u00fdzkumn\u00edk\u016f z cel\u00e9ho sv\u011bta. Andr\u00e9 Koch Torres Assis k n\u00e1m p\u0159icestoval z Braz\u00edlie p\u0159es n\u011bmeck\u00fd Augsburg a se zaujet\u00edm p\u0159ednesl svou p\u0159edn\u00e1\u0161ku o Weberov\u011b planet\u00e1rn\u00edm modelu atomu. Z\u016fstal s n\u00e1mi i [&hellip;]<\/p>\n","protected":false},"author":2,"featured_media":1930,"comment_status":"closed","ping_status":"open","sticky":false,"template":"","format":"standard","meta":{"_acf_changed":false,"footnotes":""},"categories":[1],"tags":[2,3,4],"class_list":["post-1936","post","type-post","status-publish","format-standard","has-post-thumbnail","hentry","category-uncategorized-cs","tag-branding","tag-business","tag-photography"],"acf":[],"_links":{"self":[{"href":"https:\/\/namitech.com\/cs\/wp-json\/wp\/v2\/posts\/1936","targetHints":{"allow":["GET"]}}],"collection":[{"href":"https:\/\/namitech.com\/cs\/wp-json\/wp\/v2\/posts"}],"about":[{"href":"https:\/\/namitech.com\/cs\/wp-json\/wp\/v2\/types\/post"}],"author":[{"embeddable":true,"href":"https:\/\/namitech.com\/cs\/wp-json\/wp\/v2\/users\/2"}],"replies":[{"embeddable":true,"href":"https:\/\/namitech.com\/cs\/wp-json\/wp\/v2\/comments?post=1936"}],"version-history":[{"count":5,"href":"https:\/\/namitech.com\/cs\/wp-json\/wp\/v2\/posts\/1936\/revisions"}],"predecessor-version":[{"id":2285,"href":"https:\/\/namitech.com\/cs\/wp-json\/wp\/v2\/posts\/1936\/revisions\/2285"}],"wp:featuredmedia":[{"embeddable":true,"href":"https:\/\/namitech.com\/cs\/wp-json\/wp\/v2\/media\/1930"}],"wp:attachment":[{"href":"https:\/\/namitech.com\/cs\/wp-json\/wp\/v2\/media?parent=1936"}],"wp:term":[{"taxonomy":"category","embeddable":true,"href":"https:\/\/namitech.com\/cs\/wp-json\/wp\/v2\/categories?post=1936"},{"taxonomy":"post_tag","embeddable":true,"href":"https:\/\/namitech.com\/cs\/wp-json\/wp\/v2\/tags?post=1936"}],"curies":[{"name":"wp","href":"https:\/\/api.w.org\/{rel}","templated":true}]}}