{"id":2241,"date":"2024-09-20T13:09:03","date_gmt":"2024-09-20T11:09:03","guid":{"rendered":"https:\/\/namitech.com\/?p=2241"},"modified":"2024-09-20T14:25:24","modified_gmt":"2024-09-20T12:25:24","slug":"spoustime-seriovou-vyrobu-topnych-panelu-namiwell","status":"publish","type":"post","link":"https:\/\/namitech.com\/cs\/spoustime-seriovou-vyrobu-topnych-panelu-namiwell\/","title":{"rendered":"Nastavujeme trendy v udr\u017eiteln\u00e9m vyt\u00e1p\u011bn\u00ed"},"content":{"rendered":"\n<p>V roce 2024 jsme se jako namiwell aktivn\u011b zapojili do dvou v\u00fdznamn\u00fdch akc\u00ed na podporu udr\u017eitelnosti, kde jsme p\u0159edstavili na\u0161e inovativn\u00ed technologie a \u0159e\u0161en\u00ed pro ekologick\u00e9 vyt\u00e1p\u011bn\u00ed.<\/p>\n\n\n\n<p>V dubnu jsme vystoupili na <a href=\"https:\/\/www.sustainabilitysummit.cz\/\">Czech &amp; Slovak Sustainability Summit<\/a>, jedn\u00e9 z nejv\u011bt\u0161\u00edch akc\u00ed zam\u011b\u0159en\u00fdch na udr\u017eitelnost v regionu. Tento summit p\u0159il\u00e1kal 578 z\u00e1jemc\u016f. V jeho konferen\u010dn\u00edm programu (ve spole\u010dn\u00e9m bloku na hlavn\u00edm p\u00f3diu a v \u0161esti odpoledn\u00edch workshopech) vystoupilo 68 \u0159e\u010dn\u00edk\u016f. Celkem 59 partner\u016f podpo\u0159ilo tuto akci, jej\u00edm\u017e c\u00edlem je sd\u00edlet osv\u011bd\u010den\u00e9 postupy a inspirovat dal\u0161\u00ed spole\u010dnosti k p\u0159ijet\u00ed udr\u017eiteln\u00fdch p\u0159\u00edstup\u016f. Na\u0161e topn\u00e9 panely s Technologi\u00ed DALYN\u2122 se zde setkaly s velk\u00fdm z\u00e1jmem, d\u00edky jejich schopnosti sn\u00ed\u017eit n\u00e1klady na vyt\u00e1p\u011bn\u00ed a minimalizovat ekologickou stopu.<\/p>\n\n\n\n<p>V \u010dervnu jsme pokra\u010dovali na konferenci <a href=\"https:\/\/startupdisrupt.com\/event\/sustainable-future-2024-innovations-united\/\">Sustainable Future 2024<\/a>, kde jsme se stali hrd\u00fdmi partnery t\u00e9to v\u00fdznamn\u00e9 akce. Konference se zam\u011b\u0159ila na budoucnost udr\u017eiteln\u00e9ho v\u00fdvoje ve st\u0159edn\u00ed a v\u00fdchodn\u00ed Evrop\u011b. V diskus\u00edch o t\u00e9matech, jako je energetick\u00e1 sob\u011bsta\u010dnost, ESG standardy a zelen\u00e9 technologie, jsme zd\u016fraznili, jak na\u0161e panely p\u0159in\u00e1\u0161ej\u00ed inovativn\u00ed \u0159e\u0161en\u00ed pro dom\u00e1cnosti i firmy<\/p>\n\n\n\n<p>Namiwell je na cest\u011b k revoluci ve vyt\u00e1p\u011bn\u00ed \u2013 spojujeme \u00faspornost s ekologick\u00fdmi technologiemi a p\u0159in\u00e1\u0161\u00edme skute\u010dn\u00e9 v\u00fdhody nejen pro jejich pen\u011b\u017eenku na\u0161ich z\u00e1kazn\u00edk\u016f, ale i pro celou planetu.<\/p>\n\n\n\n<figure class=\"wp-block-gallery has-nested-images columns-default is-cropped wp-block-gallery-1 is-layout-flex wp-block-gallery-is-layout-flex\">\n<figure class=\"wp-block-image size-large\"><img fetchpriority=\"high\" decoding=\"async\" width=\"819\" height=\"1024\" data-id=\"2261\" src=\"https:\/\/namitech.com\/wp-content\/uploads\/2024\/09\/SustainableFuture2024_1-819x1024.jpg\" alt=\"\" class=\"wp-image-2261\" srcset=\"https:\/\/namitech.com\/wp-content\/uploads\/2024\/09\/SustainableFuture2024_1-819x1024.jpg 819w, https:\/\/namitech.com\/wp-content\/uploads\/2024\/09\/SustainableFuture2024_1-240x300.jpg 240w, https:\/\/namitech.com\/wp-content\/uploads\/2024\/09\/SustainableFuture2024_1-768x960.jpg 768w, https:\/\/namitech.com\/wp-content\/uploads\/2024\/09\/SustainableFuture2024_1.jpg 1080w\" sizes=\"(max-width: 819px) 100vw, 819px\" \/><\/figure>\n\n\n\n<figure class=\"wp-block-image size-large\"><img decoding=\"async\" width=\"819\" height=\"1024\" data-id=\"2263\" src=\"https:\/\/namitech.com\/wp-content\/uploads\/2024\/09\/SustainableFuture2024_2-819x1024.jpg\" alt=\"\" class=\"wp-image-2263\" srcset=\"https:\/\/namitech.com\/wp-content\/uploads\/2024\/09\/SustainableFuture2024_2-819x1024.jpg 819w, https:\/\/namitech.com\/wp-content\/uploads\/2024\/09\/SustainableFuture2024_2-240x300.jpg 240w, https:\/\/namitech.com\/wp-content\/uploads\/2024\/09\/SustainableFuture2024_2-768x960.jpg 768w, https:\/\/namitech.com\/wp-content\/uploads\/2024\/09\/SustainableFuture2024_2.jpg 1080w\" sizes=\"(max-width: 819px) 100vw, 819px\" \/><\/figure>\n\n\n\n<figure class=\"wp-block-image size-large\"><img decoding=\"async\" width=\"819\" height=\"1024\" data-id=\"2265\" src=\"https:\/\/namitech.com\/wp-content\/uploads\/2024\/09\/SustainableFuture2024_3-819x1024.jpg\" alt=\"\" class=\"wp-image-2265\" srcset=\"https:\/\/namitech.com\/wp-content\/uploads\/2024\/09\/SustainableFuture2024_3-819x1024.jpg 819w, https:\/\/namitech.com\/wp-content\/uploads\/2024\/09\/SustainableFuture2024_3-240x300.jpg 240w, https:\/\/namitech.com\/wp-content\/uploads\/2024\/09\/SustainableFuture2024_3-768x960.jpg 768w, https:\/\/namitech.com\/wp-content\/uploads\/2024\/09\/SustainableFuture2024_3.jpg 1080w\" sizes=\"(max-width: 819px) 100vw, 819px\" \/><\/figure>\n\n\n\n<figure class=\"wp-block-image size-large\"><img loading=\"lazy\" decoding=\"async\" width=\"819\" height=\"1024\" data-id=\"2267\" src=\"https:\/\/namitech.com\/wp-content\/uploads\/2024\/09\/SustainableFuture2024_4-819x1024.jpg\" alt=\"\" class=\"wp-image-2267\" srcset=\"https:\/\/namitech.com\/wp-content\/uploads\/2024\/09\/SustainableFuture2024_4-819x1024.jpg 819w, https:\/\/namitech.com\/wp-content\/uploads\/2024\/09\/SustainableFuture2024_4-240x300.jpg 240w, https:\/\/namitech.com\/wp-content\/uploads\/2024\/09\/SustainableFuture2024_4-768x960.jpg 768w, https:\/\/namitech.com\/wp-content\/uploads\/2024\/09\/SustainableFuture2024_4.jpg 1080w\" sizes=\"(max-width: 819px) 100vw, 819px\" \/><\/figure>\n<\/figure>\n\n\n\n<p><a href=\"https:\/\/www.namiwell.com\/cs\">www.namiwell.cz<\/a><\/p>\n\n\n\n<p><\/p>\n","protected":false},"excerpt":{"rendered":"<p>V roce 2024 jsme se jako namiwell aktivn\u011b zapojili do dvou v\u00fdznamn\u00fdch akc\u00ed na podporu udr\u017eitelnosti, kde jsme p\u0159edstavili na\u0161e inovativn\u00ed technologie a \u0159e\u0161en\u00ed pro ekologick\u00e9 vyt\u00e1p\u011bn\u00ed. V dubnu jsme vystoupili na Czech &amp; Slovak Sustainability Summit, jedn\u00e9 z nejv\u011bt\u0161\u00edch akc\u00ed zam\u011b\u0159en\u00fdch na udr\u017eitelnost v regionu. Tento summit p\u0159il\u00e1kal 578 z\u00e1jemc\u016f. V jeho konferen\u010dn\u00edm programu [&hellip;]<\/p>\n","protected":false},"author":2,"featured_media":2261,"comment_status":"closed","ping_status":"open","sticky":false,"template":"","format":"standard","meta":{"_acf_changed":false,"footnotes":""},"categories":[1],"tags":[2,3,4],"class_list":["post-2241","post","type-post","status-publish","format-standard","has-post-thumbnail","hentry","category-uncategorized-cs","tag-branding","tag-business","tag-photography"],"acf":[],"_links":{"self":[{"href":"https:\/\/namitech.com\/cs\/wp-json\/wp\/v2\/posts\/2241","targetHints":{"allow":["GET"]}}],"collection":[{"href":"https:\/\/namitech.com\/cs\/wp-json\/wp\/v2\/posts"}],"about":[{"href":"https:\/\/namitech.com\/cs\/wp-json\/wp\/v2\/types\/post"}],"author":[{"embeddable":true,"href":"https:\/\/namitech.com\/cs\/wp-json\/wp\/v2\/users\/2"}],"replies":[{"embeddable":true,"href":"https:\/\/namitech.com\/cs\/wp-json\/wp\/v2\/comments?post=2241"}],"version-history":[{"count":2,"href":"https:\/\/namitech.com\/cs\/wp-json\/wp\/v2\/posts\/2241\/revisions"}],"predecessor-version":[{"id":2274,"href":"https:\/\/namitech.com\/cs\/wp-json\/wp\/v2\/posts\/2241\/revisions\/2274"}],"wp:featuredmedia":[{"embeddable":true,"href":"https:\/\/namitech.com\/cs\/wp-json\/wp\/v2\/media\/2261"}],"wp:attachment":[{"href":"https:\/\/namitech.com\/cs\/wp-json\/wp\/v2\/media?parent=2241"}],"wp:term":[{"taxonomy":"category","embeddable":true,"href":"https:\/\/namitech.com\/cs\/wp-json\/wp\/v2\/categories?post=2241"},{"taxonomy":"post_tag","embeddable":true,"href":"https:\/\/namitech.com\/cs\/wp-json\/wp\/v2\/tags?post=2241"}],"curies":[{"name":"wp","href":"https:\/\/api.w.org\/{rel}","templated":true}]}}